{"id":11800,"date":"2016-01-26T13:50:34","date_gmt":"2016-01-26T12:50:34","guid":{"rendered":"https:\/\/www.geoclima.com\/de\/paolo-ferraris-racconta-la-storia-di-geoclima\/"},"modified":"2016-05-25T08:53:20","modified_gmt":"2016-05-25T06:53:20","slug":"geoclima-geschichte-erzaehlt-von-praesident-paolo-ferraris","status":"publish","type":"post","link":"https:\/\/www.geoclima.com\/de\/geoclima-geschichte-erzaehlt-von-praesident-paolo-ferraris\/","title":{"rendered":"Die Geoclima Geschichte erz\u00e4hlt von Pr\u00e4sident Paolo Ferraris"},"content":{"rendered":"<p>In einem k\u00fcrzlich mit Carlo Tomaso Parmegiani gef\u00fchrten Interview, das am 11.01.2016 in der f\u00fchrenden nationalen Italienischen Zeitung &#8220;Corriere della Sera&#8221; erschienen ist, erz\u00e4hlte Pr\u00e4sident Paolo Ferraris die Geschichte von Geoclima, von Anfang an bis \u00fcber die Wendepunkte die Geoclima zu einem f\u00fchrenden Unternehmen in der Konstruktion und Produktion von Standard- und Spezial-Klimager\u00e4ten sowie K\u00e4ltemaschinen werden lie\u00df.<\/p>\n<p>&nbsp;<\/p>\n<p><img loading=\"lazy\" decoding=\"async\" class=\"alignleft wp-image-11786\" src=\"https:\/\/www.geoclima.com\/wp-content\/uploads\/2016\/01\/ferraris-200x300.jpg\" alt=\"ferraris\" width=\"150\" height=\"225\" srcset=\"https:\/\/www.geoclima.com\/wp-content\/uploads\/2016\/01\/ferraris-200x300.jpg 200w, https:\/\/www.geoclima.com\/wp-content\/uploads\/2016\/01\/ferraris-768x1153.jpg 768w, https:\/\/www.geoclima.com\/wp-content\/uploads\/2016\/01\/ferraris-686x1030.jpg 686w, https:\/\/www.geoclima.com\/wp-content\/uploads\/2016\/01\/ferraris-999x1500.jpg 999w, https:\/\/www.geoclima.com\/wp-content\/uploads\/2016\/01\/ferraris-469x705.jpg 469w, https:\/\/www.geoclima.com\/wp-content\/uploads\/2016\/01\/ferraris-450x676.jpg 450w, https:\/\/www.geoclima.com\/wp-content\/uploads\/2016\/01\/ferraris.jpg 1118w\" sizes=\"auto, (max-width: 150px) 100vw, 150px\" \/><\/p>\n<p>&#8220;Ich war Leiter der Technik und Produktion in einer Firma der K\u00e4lteindustrie \u2013 sagte Ferraris \u2013 die haupts\u00e4chlich mit Firmen auf dem deutschen Markt, mit grossem Erfolg gearbeitet hat. Durch einen ungl\u00fccklichen Wechsel des Managements, st\u00fcrzte die Firma 1992 in eine Krise, die mit der \u00dcbernahme durch ein Unternehmen endete. Nachdem ich pers\u00f6nlich alles \u00fcber viele Jahre gegeben hatte, mehr als 14 Stunden t\u00e4glich, konnte ich nicht mit den neuen Gesch\u00e4ftspraktiken, die von der F\u00fchrungsspitze vorgegeben wurden, \u00fcbereinstimmen. Auf Grund der St\u00e4rke meiner Erfahrung, fand ich mehrere Leute, die bereit waren in meinem Vorschlag zu investieren, <strong>eine neue Firma in der Klimatechnik-Industrie zu gr\u00fcnden<\/strong>. Die Investoren haben mir vertraut und wurden Gr\u00fcndungsmitglieder von Geoclima&#8221;.<\/p>\n<p style=\"font-size: 90%;\"><em>Von Anfang an, haben wir uns bei Geoclima auf die Entwicklung von Ger\u00e4ten entsprechend <a href=\"https:\/\/www.geoclima.com\/de\/methode\/\" target=\"_blank\">Kundenwunsch<\/a> konzentriert.<\/em><\/p>\n<p>&nbsp;<\/p>\n<p>&#8220;Im Jahre 2005, als die Italienische HLK Industrie, durch den Verlust der Konkurrenzf\u00e4higkeit, in eine Krise fiel, gingen wir die entstandenen Probleme an: Ich wollte expandieren, aber ich ben\u00f6tigte mehr kommerzielles Know-how. So begann ich eine <strong>Partnerschaft mit Zamil<\/strong>, ein Saudi-Arabisches Unternehmen, welches in 25 verschiedenen Bereichen mit 12.000 Besch\u00e4ftigten t\u00e4tig ist und einem Umsatz von 1,5 Milliarden US-Dollar macht. Zamil suchte ein Europ\u00e4isches mittelgrosses Unternehmen als &#8220;Technologie Zentrum&#8221;. Geoclima entwickelte einige innovative Produkte f\u00fcr Zamil, die sie produzierten und auf dem Arabischen Markt verkauften. Wodurch sich f\u00fcr uns die Gelegenheit ergab,\u00a0<strong>neue Kunden in Nord\u00a0Afrika, Amerika, Indien, Bangladesh und Australien zu finden<\/strong>&#8220;.<\/p>\n<p style=\"font-size: 90%;\"><em>Die Partnerschaft mit Zamil ist heute noch stark verbunden, mit verschiedenen Projekten die wir gemeinsam entwickelten:<br \/>\n<a href=\"https:\/\/www.geoclima.com\/de\/ahu-accu-fuer-das-saudische-verteidigungsministerium\/\">https:\/\/www.geoclima.com\/de\/ahu-accu-fuer-das-saudische-verteidigungsministerium\/<\/a><br \/>\n<a href=\"https:\/\/www.geoclima.com\/de\/pro\/whirlpool-indien\/\">https:\/\/www.geoclima.com\/de\/portfolio-item\/whirlpool-indien\/<\/a><br \/>\n<a href=\"https:\/\/www.geoclima.com\/de\/pro\/mittlerer-osten-zamil-air-conditioners\/\">https:\/\/www.geoclima.com\/de\/portfolio-item\/mittlerer-osten-zamil-air-conditioners\/<\/a><\/em><\/p>\n<p>&nbsp;<\/p>\n<p>&#8220;Wir pflegen neue <strong>hocheffiziente Technologien<\/strong>, die es erm\u00f6glichten ca. 20-25% Energie, verglichen mit den traditionellen System, einzusparen. Nat\u00fcrlich erzeugte dies auch einen Preisanstieg der Produkte, aber unsere Kunden wissen, dass sich die Investmentkosten innerhalb von einigen Jahren amortisieren und dann durch die Lebenszeit der Ger\u00e4te (10 bis 15 Jahre), sich hohe Einsparungen ergeben&#8221;.<\/p>\n<p>Heute hat Geoclima mehr als 110 Besch\u00e4ftigte, weltweit von Italien bis Australien. Unser Umsatz \u00fcbersteigt EUR 38 Millionen und wir werden weiterhin in den Klimamarkt 2016 expandieren.<\/p>\n","protected":false},"excerpt":{"rendered":"<p>In einem k\u00fcrzlich mit Carlo Tomaso Parmegiani gef\u00fchrten Interview, das am 11.01.2016 in der f\u00fchrenden nationalen Italienischen Zeitung &#8220;Corriere della Sera&#8221; erschienen ist, erz\u00e4hlte Pr\u00e4sident Paolo Ferraris die Geschichte von Geoclima, von Anfang an bis \u00fcber die Wendepunkte die Geoclima zu einem f\u00fchrenden Unternehmen in der Konstruktion und Produktion von Standard- und Spezial-Klimager\u00e4ten sowie K\u00e4ltemaschinen [&hellip;]<\/p>\n","protected":false},"author":1,"featured_media":12212,"comment_status":"closed","ping_status":"open","sticky":false,"template":"","format":"standard","meta":{"footnotes":""},"categories":[46],"tags":[],"class_list":["post-11800","post","type-post","status-publish","format-standard","has-post-thumbnail","hentry","category-neuigkeiten"],"yoast_head":"<!-- This site is optimized with the Yoast SEO Premium plugin v27.4 (Yoast SEO v27.4) - https:\/\/yoast.com\/product\/yoast-seo-premium-wordpress\/ -->\n<title>Die Geoclima Geschichte erz\u00e4hlt von Pr\u00e4sident Paolo Ferraris | Geoclima<\/title>\n<meta name=\"robots\" content=\"index, follow, max-snippet:-1, max-image-preview:large, max-video-preview:-1\" \/>\n<link rel=\"canonical\" href=\"https:\/\/www.geoclima.com\/de\/geoclima-geschichte-erzaehlt-von-praesident-paolo-ferraris\/\" \/>\n<meta property=\"og:locale\" content=\"de_DE\" \/>\n<meta property=\"og:type\" content=\"article\" \/>\n<meta property=\"og:title\" content=\"Die Geoclima Geschichte erz\u00e4hlt von Pr\u00e4sident Paolo Ferraris\" \/>\n<meta property=\"og:description\" content=\"In einem k\u00fcrzlich mit Carlo Tomaso Parmegiani gef\u00fchrten Interview, das am 11.01.2016 in der f\u00fchrenden nationalen Italienischen Zeitung &#8220;Corriere della Sera&#8221; erschienen ist, erz\u00e4hlte Pr\u00e4sident Paolo Ferraris die Geschichte von Geoclima, von Anfang an bis \u00fcber die Wendepunkte die Geoclima zu einem f\u00fchrenden Unternehmen in der Konstruktion und Produktion von Standard- und Spezial-Klimager\u00e4ten sowie K\u00e4ltemaschinen [&hellip;]\" \/>\n<meta property=\"og:url\" content=\"https:\/\/www.geoclima.com\/de\/geoclima-geschichte-erzaehlt-von-praesident-paolo-ferraris\/\" \/>\n<meta property=\"og:site_name\" content=\"Geoclima\" \/>\n<meta property=\"article:publisher\" content=\"https:\/\/www.facebook.com\/GeoclimaWorld\/\" \/>\n<meta property=\"article:author\" content=\"https:\/\/www.facebook.com\/GeoclimaWorld\/\" \/>\n<meta property=\"article:published_time\" content=\"2016-01-26T12:50:34+00:00\" \/>\n<meta property=\"article:modified_time\" content=\"2016-05-25T06:53:20+00:00\" \/>\n<meta property=\"og:image\" content=\"https:\/\/www.geoclima.com\/wp-content\/uploads\/2016\/01\/articolo-Corriere_11012016.jpg\" \/>\n\t<meta property=\"og:image:width\" content=\"800\" \/>\n\t<meta property=\"og:image:height\" content=\"877\" \/>\n\t<meta property=\"og:image:type\" content=\"image\/jpeg\" \/>\n<meta name=\"author\" content=\"Geoclima\" \/>\n<meta name=\"twitter:label1\" content=\"Verfasst von\" \/>\n\t<meta name=\"twitter:data1\" content=\"Geoclima\" \/>\n\t<meta name=\"twitter:label2\" content=\"Gesch\u00e4tzte Lesezeit\" \/>\n\t<meta name=\"twitter:data2\" content=\"2\u00a0Minuten\" \/>\n<script type=\"application\/ld+json\" class=\"yoast-schema-graph\">{\"@context\":\"https:\\\/\\\/schema.org\",\"@graph\":[{\"@type\":\"Article\",\"@id\":\"https:\\\/\\\/www.geoclima.com\\\/de\\\/geoclima-geschichte-erzaehlt-von-praesident-paolo-ferraris\\\/#article\",\"isPartOf\":{\"@id\":\"https:\\\/\\\/www.geoclima.com\\\/de\\\/geoclima-geschichte-erzaehlt-von-praesident-paolo-ferraris\\\/\"},\"author\":{\"name\":\"Geoclima\",\"@id\":\"https:\\\/\\\/www.geoclima.com\\\/de\\\/#\\\/schema\\\/person\\\/ccd2a1915d70ebbbd74439929d73cfb4\"},\"headline\":\"Die Geoclima Geschichte erz\u00e4hlt von Pr\u00e4sident Paolo Ferraris\",\"datePublished\":\"2016-01-26T12:50:34+00:00\",\"dateModified\":\"2016-05-25T06:53:20+00:00\",\"mainEntityOfPage\":{\"@id\":\"https:\\\/\\\/www.geoclima.com\\\/de\\\/geoclima-geschichte-erzaehlt-von-praesident-paolo-ferraris\\\/\"},\"wordCount\":437,\"publisher\":{\"@id\":\"https:\\\/\\\/www.geoclima.com\\\/de\\\/#organization\"},\"image\":{\"@id\":\"https:\\\/\\\/www.geoclima.com\\\/de\\\/geoclima-geschichte-erzaehlt-von-praesident-paolo-ferraris\\\/#primaryimage\"},\"thumbnailUrl\":\"https:\\\/\\\/www.geoclima.com\\\/wp-content\\\/uploads\\\/2016\\\/01\\\/articolo-Corriere_11012016.jpg\",\"articleSection\":[\"Neuigkeiten\"],\"inLanguage\":\"de\"},{\"@type\":\"WebPage\",\"@id\":\"https:\\\/\\\/www.geoclima.com\\\/de\\\/geoclima-geschichte-erzaehlt-von-praesident-paolo-ferraris\\\/\",\"url\":\"https:\\\/\\\/www.geoclima.com\\\/de\\\/geoclima-geschichte-erzaehlt-von-praesident-paolo-ferraris\\\/\",\"name\":\"Die Geoclima Geschichte erz\u00e4hlt von Pr\u00e4sident Paolo Ferraris | Geoclima\",\"isPartOf\":{\"@id\":\"https:\\\/\\\/www.geoclima.com\\\/de\\\/#website\"},\"primaryImageOfPage\":{\"@id\":\"https:\\\/\\\/www.geoclima.com\\\/de\\\/geoclima-geschichte-erzaehlt-von-praesident-paolo-ferraris\\\/#primaryimage\"},\"image\":{\"@id\":\"https:\\\/\\\/www.geoclima.com\\\/de\\\/geoclima-geschichte-erzaehlt-von-praesident-paolo-ferraris\\\/#primaryimage\"},\"thumbnailUrl\":\"https:\\\/\\\/www.geoclima.com\\\/wp-content\\\/uploads\\\/2016\\\/01\\\/articolo-Corriere_11012016.jpg\",\"datePublished\":\"2016-01-26T12:50:34+00:00\",\"dateModified\":\"2016-05-25T06:53:20+00:00\",\"breadcrumb\":{\"@id\":\"https:\\\/\\\/www.geoclima.com\\\/de\\\/geoclima-geschichte-erzaehlt-von-praesident-paolo-ferraris\\\/#breadcrumb\"},\"inLanguage\":\"de\",\"potentialAction\":[{\"@type\":\"ReadAction\",\"target\":[\"https:\\\/\\\/www.geoclima.com\\\/de\\\/geoclima-geschichte-erzaehlt-von-praesident-paolo-ferraris\\\/\"]}]},{\"@type\":\"ImageObject\",\"inLanguage\":\"de\",\"@id\":\"https:\\\/\\\/www.geoclima.com\\\/de\\\/geoclima-geschichte-erzaehlt-von-praesident-paolo-ferraris\\\/#primaryimage\",\"url\":\"https:\\\/\\\/www.geoclima.com\\\/wp-content\\\/uploads\\\/2016\\\/01\\\/articolo-Corriere_11012016.jpg\",\"contentUrl\":\"https:\\\/\\\/www.geoclima.com\\\/wp-content\\\/uploads\\\/2016\\\/01\\\/articolo-Corriere_11012016.jpg\",\"width\":800,\"height\":877},{\"@type\":\"BreadcrumbList\",\"@id\":\"https:\\\/\\\/www.geoclima.com\\\/de\\\/geoclima-geschichte-erzaehlt-von-praesident-paolo-ferraris\\\/#breadcrumb\",\"itemListElement\":[{\"@type\":\"ListItem\",\"position\":1,\"name\":\"Home\",\"item\":\"https:\\\/\\\/www.geoclima.com\\\/de\\\/\"},{\"@type\":\"ListItem\",\"position\":2,\"name\":\"Die Geoclima Geschichte erz\u00e4hlt von Pr\u00e4sident Paolo Ferraris\"}]},{\"@type\":\"WebSite\",\"@id\":\"https:\\\/\\\/www.geoclima.com\\\/de\\\/#website\",\"url\":\"https:\\\/\\\/www.geoclima.com\\\/de\\\/\",\"name\":\"Geoclima\",\"description\":\"Smart HVAC solutions\",\"publisher\":{\"@id\":\"https:\\\/\\\/www.geoclima.com\\\/de\\\/#organization\"},\"potentialAction\":[{\"@type\":\"SearchAction\",\"target\":{\"@type\":\"EntryPoint\",\"urlTemplate\":\"https:\\\/\\\/www.geoclima.com\\\/de\\\/?s={search_term_string}\"},\"query-input\":{\"@type\":\"PropertyValueSpecification\",\"valueRequired\":true,\"valueName\":\"search_term_string\"}}],\"inLanguage\":\"de\"},{\"@type\":\"Organization\",\"@id\":\"https:\\\/\\\/www.geoclima.com\\\/de\\\/#organization\",\"name\":\"Geoclima Srl\",\"url\":\"https:\\\/\\\/www.geoclima.com\\\/de\\\/\",\"logo\":{\"@type\":\"ImageObject\",\"inLanguage\":\"de\",\"@id\":\"https:\\\/\\\/www.geoclima.com\\\/de\\\/#\\\/schema\\\/logo\\\/image\\\/\",\"url\":\"https:\\\/\\\/www.geoclima.com\\\/wp-content\\\/uploads\\\/2014\\\/03\\\/logo-geo.png\",\"contentUrl\":\"https:\\\/\\\/www.geoclima.com\\\/wp-content\\\/uploads\\\/2014\\\/03\\\/logo-geo.png\",\"width\":280,\"height\":53,\"caption\":\"Geoclima Srl\"},\"image\":{\"@id\":\"https:\\\/\\\/www.geoclima.com\\\/de\\\/#\\\/schema\\\/logo\\\/image\\\/\"},\"sameAs\":[\"https:\\\/\\\/www.facebook.com\\\/GeoclimaWorld\\\/\",\"https:\\\/\\\/x.com\\\/GeoclimaWeb\",\"https:\\\/\\\/www.instagram.com\\\/geoclima\",\"https:\\\/\\\/www.linkedin.com\\\/company\\\/geoclima\",\"https:\\\/\\\/www.youtube.com\\\/user\\\/geoclimaweb\"]},{\"@type\":\"Person\",\"@id\":\"https:\\\/\\\/www.geoclima.com\\\/de\\\/#\\\/schema\\\/person\\\/ccd2a1915d70ebbbd74439929d73cfb4\",\"name\":\"Geoclima\",\"image\":{\"@type\":\"ImageObject\",\"inLanguage\":\"de\",\"@id\":\"https:\\\/\\\/secure.gravatar.com\\\/avatar\\\/6c953fcc87e7b22a9c008b2281ef797aacdedd48c335d090798e961aefee960d?s=96&d=blank&r=g\",\"url\":\"https:\\\/\\\/secure.gravatar.com\\\/avatar\\\/6c953fcc87e7b22a9c008b2281ef797aacdedd48c335d090798e961aefee960d?s=96&d=blank&r=g\",\"contentUrl\":\"https:\\\/\\\/secure.gravatar.com\\\/avatar\\\/6c953fcc87e7b22a9c008b2281ef797aacdedd48c335d090798e961aefee960d?s=96&d=blank&r=g\",\"caption\":\"Geoclima\"},\"sameAs\":[\"https:\\\/\\\/www.facebook.com\\\/GeoclimaWorld\\\/\",\"https:\\\/\\\/www.instagram.com\\\/geoclima\",\"https:\\\/\\\/www.linkedin.com\\\/company\\\/geoclima\",\"https:\\\/\\\/x.com\\\/GeoclimaWeb\",\"https:\\\/\\\/www.youtube.com\\\/user\\\/geoclimaweb\"],\"url\":\"https:\\\/\\\/www.geoclima.com\\\/de\\\/author\\\/geoclima\\\/\"}]}<\/script>\n<!-- \/ Yoast SEO Premium plugin. -->","yoast_head_json":{"title":"Die Geoclima Geschichte erz\u00e4hlt von Pr\u00e4sident Paolo Ferraris | Geoclima","robots":{"index":"index","follow":"follow","max-snippet":"max-snippet:-1","max-image-preview":"max-image-preview:large","max-video-preview":"max-video-preview:-1"},"canonical":"https:\/\/www.geoclima.com\/de\/geoclima-geschichte-erzaehlt-von-praesident-paolo-ferraris\/","og_locale":"de_DE","og_type":"article","og_title":"Die Geoclima Geschichte erz\u00e4hlt von Pr\u00e4sident Paolo Ferraris","og_description":"In einem k\u00fcrzlich mit Carlo Tomaso Parmegiani gef\u00fchrten Interview, das am 11.01.2016 in der f\u00fchrenden nationalen Italienischen Zeitung &#8220;Corriere della Sera&#8221; erschienen ist, erz\u00e4hlte Pr\u00e4sident Paolo Ferraris die Geschichte von Geoclima, von Anfang an bis \u00fcber die Wendepunkte die Geoclima zu einem f\u00fchrenden Unternehmen in der Konstruktion und Produktion von Standard- und Spezial-Klimager\u00e4ten sowie K\u00e4ltemaschinen [&hellip;]","og_url":"https:\/\/www.geoclima.com\/de\/geoclima-geschichte-erzaehlt-von-praesident-paolo-ferraris\/","og_site_name":"Geoclima","article_publisher":"https:\/\/www.facebook.com\/GeoclimaWorld\/","article_author":"https:\/\/www.facebook.com\/GeoclimaWorld\/","article_published_time":"2016-01-26T12:50:34+00:00","article_modified_time":"2016-05-25T06:53:20+00:00","og_image":[{"width":800,"height":877,"url":"https:\/\/www.geoclima.com\/wp-content\/uploads\/2016\/01\/articolo-Corriere_11012016.jpg","type":"image\/jpeg"}],"author":"Geoclima","twitter_misc":{"Verfasst von":"Geoclima","Gesch\u00e4tzte Lesezeit":"2\u00a0Minuten"},"schema":{"@context":"https:\/\/schema.org","@graph":[{"@type":"Article","@id":"https:\/\/www.geoclima.com\/de\/geoclima-geschichte-erzaehlt-von-praesident-paolo-ferraris\/#article","isPartOf":{"@id":"https:\/\/www.geoclima.com\/de\/geoclima-geschichte-erzaehlt-von-praesident-paolo-ferraris\/"},"author":{"name":"Geoclima","@id":"https:\/\/www.geoclima.com\/de\/#\/schema\/person\/ccd2a1915d70ebbbd74439929d73cfb4"},"headline":"Die Geoclima Geschichte erz\u00e4hlt von Pr\u00e4sident Paolo Ferraris","datePublished":"2016-01-26T12:50:34+00:00","dateModified":"2016-05-25T06:53:20+00:00","mainEntityOfPage":{"@id":"https:\/\/www.geoclima.com\/de\/geoclima-geschichte-erzaehlt-von-praesident-paolo-ferraris\/"},"wordCount":437,"publisher":{"@id":"https:\/\/www.geoclima.com\/de\/#organization"},"image":{"@id":"https:\/\/www.geoclima.com\/de\/geoclima-geschichte-erzaehlt-von-praesident-paolo-ferraris\/#primaryimage"},"thumbnailUrl":"https:\/\/www.geoclima.com\/wp-content\/uploads\/2016\/01\/articolo-Corriere_11012016.jpg","articleSection":["Neuigkeiten"],"inLanguage":"de"},{"@type":"WebPage","@id":"https:\/\/www.geoclima.com\/de\/geoclima-geschichte-erzaehlt-von-praesident-paolo-ferraris\/","url":"https:\/\/www.geoclima.com\/de\/geoclima-geschichte-erzaehlt-von-praesident-paolo-ferraris\/","name":"Die Geoclima Geschichte erz\u00e4hlt von Pr\u00e4sident Paolo Ferraris | Geoclima","isPartOf":{"@id":"https:\/\/www.geoclima.com\/de\/#website"},"primaryImageOfPage":{"@id":"https:\/\/www.geoclima.com\/de\/geoclima-geschichte-erzaehlt-von-praesident-paolo-ferraris\/#primaryimage"},"image":{"@id":"https:\/\/www.geoclima.com\/de\/geoclima-geschichte-erzaehlt-von-praesident-paolo-ferraris\/#primaryimage"},"thumbnailUrl":"https:\/\/www.geoclima.com\/wp-content\/uploads\/2016\/01\/articolo-Corriere_11012016.jpg","datePublished":"2016-01-26T12:50:34+00:00","dateModified":"2016-05-25T06:53:20+00:00","breadcrumb":{"@id":"https:\/\/www.geoclima.com\/de\/geoclima-geschichte-erzaehlt-von-praesident-paolo-ferraris\/#breadcrumb"},"inLanguage":"de","potentialAction":[{"@type":"ReadAction","target":["https:\/\/www.geoclima.com\/de\/geoclima-geschichte-erzaehlt-von-praesident-paolo-ferraris\/"]}]},{"@type":"ImageObject","inLanguage":"de","@id":"https:\/\/www.geoclima.com\/de\/geoclima-geschichte-erzaehlt-von-praesident-paolo-ferraris\/#primaryimage","url":"https:\/\/www.geoclima.com\/wp-content\/uploads\/2016\/01\/articolo-Corriere_11012016.jpg","contentUrl":"https:\/\/www.geoclima.com\/wp-content\/uploads\/2016\/01\/articolo-Corriere_11012016.jpg","width":800,"height":877},{"@type":"BreadcrumbList","@id":"https:\/\/www.geoclima.com\/de\/geoclima-geschichte-erzaehlt-von-praesident-paolo-ferraris\/#breadcrumb","itemListElement":[{"@type":"ListItem","position":1,"name":"Home","item":"https:\/\/www.geoclima.com\/de\/"},{"@type":"ListItem","position":2,"name":"Die Geoclima Geschichte erz\u00e4hlt von Pr\u00e4sident Paolo Ferraris"}]},{"@type":"WebSite","@id":"https:\/\/www.geoclima.com\/de\/#website","url":"https:\/\/www.geoclima.com\/de\/","name":"Geoclima","description":"Smart HVAC solutions","publisher":{"@id":"https:\/\/www.geoclima.com\/de\/#organization"},"potentialAction":[{"@type":"SearchAction","target":{"@type":"EntryPoint","urlTemplate":"https:\/\/www.geoclima.com\/de\/?s={search_term_string}"},"query-input":{"@type":"PropertyValueSpecification","valueRequired":true,"valueName":"search_term_string"}}],"inLanguage":"de"},{"@type":"Organization","@id":"https:\/\/www.geoclima.com\/de\/#organization","name":"Geoclima Srl","url":"https:\/\/www.geoclima.com\/de\/","logo":{"@type":"ImageObject","inLanguage":"de","@id":"https:\/\/www.geoclima.com\/de\/#\/schema\/logo\/image\/","url":"https:\/\/www.geoclima.com\/wp-content\/uploads\/2014\/03\/logo-geo.png","contentUrl":"https:\/\/www.geoclima.com\/wp-content\/uploads\/2014\/03\/logo-geo.png","width":280,"height":53,"caption":"Geoclima Srl"},"image":{"@id":"https:\/\/www.geoclima.com\/de\/#\/schema\/logo\/image\/"},"sameAs":["https:\/\/www.facebook.com\/GeoclimaWorld\/","https:\/\/x.com\/GeoclimaWeb","https:\/\/www.instagram.com\/geoclima","https:\/\/www.linkedin.com\/company\/geoclima","https:\/\/www.youtube.com\/user\/geoclimaweb"]},{"@type":"Person","@id":"https:\/\/www.geoclima.com\/de\/#\/schema\/person\/ccd2a1915d70ebbbd74439929d73cfb4","name":"Geoclima","image":{"@type":"ImageObject","inLanguage":"de","@id":"https:\/\/secure.gravatar.com\/avatar\/6c953fcc87e7b22a9c008b2281ef797aacdedd48c335d090798e961aefee960d?s=96&d=blank&r=g","url":"https:\/\/secure.gravatar.com\/avatar\/6c953fcc87e7b22a9c008b2281ef797aacdedd48c335d090798e961aefee960d?s=96&d=blank&r=g","contentUrl":"https:\/\/secure.gravatar.com\/avatar\/6c953fcc87e7b22a9c008b2281ef797aacdedd48c335d090798e961aefee960d?s=96&d=blank&r=g","caption":"Geoclima"},"sameAs":["https:\/\/www.facebook.com\/GeoclimaWorld\/","https:\/\/www.instagram.com\/geoclima","https:\/\/www.linkedin.com\/company\/geoclima","https:\/\/x.com\/GeoclimaWeb","https:\/\/www.youtube.com\/user\/geoclimaweb"],"url":"https:\/\/www.geoclima.com\/de\/author\/geoclima\/"}]}},"_links":{"self":[{"href":"https:\/\/www.geoclima.com\/de\/wp-json\/wp\/v2\/posts\/11800","targetHints":{"allow":["GET"]}}],"collection":[{"href":"https:\/\/www.geoclima.com\/de\/wp-json\/wp\/v2\/posts"}],"about":[{"href":"https:\/\/www.geoclima.com\/de\/wp-json\/wp\/v2\/types\/post"}],"author":[{"embeddable":true,"href":"https:\/\/www.geoclima.com\/de\/wp-json\/wp\/v2\/users\/1"}],"replies":[{"embeddable":true,"href":"https:\/\/www.geoclima.com\/de\/wp-json\/wp\/v2\/comments?post=11800"}],"version-history":[{"count":3,"href":"https:\/\/www.geoclima.com\/de\/wp-json\/wp\/v2\/posts\/11800\/revisions"}],"predecessor-version":[{"id":11817,"href":"https:\/\/www.geoclima.com\/de\/wp-json\/wp\/v2\/posts\/11800\/revisions\/11817"}],"wp:featuredmedia":[{"embeddable":true,"href":"https:\/\/www.geoclima.com\/de\/wp-json\/wp\/v2\/media\/12212"}],"wp:attachment":[{"href":"https:\/\/www.geoclima.com\/de\/wp-json\/wp\/v2\/media?parent=11800"}],"wp:term":[{"taxonomy":"category","embeddable":true,"href":"https:\/\/www.geoclima.com\/de\/wp-json\/wp\/v2\/categories?post=11800"},{"taxonomy":"post_tag","embeddable":true,"href":"https:\/\/www.geoclima.com\/de\/wp-json\/wp\/v2\/tags?post=11800"}],"curies":[{"name":"wp","href":"https:\/\/api.w.org\/{rel}","templated":true}]}}