{"id":20508,"date":"2019-11-08T09:02:08","date_gmt":"2019-11-08T08:02:08","guid":{"rendered":"https:\/\/www.geoclima.com\/?p=20508"},"modified":"2019-11-08T09:02:08","modified_gmt":"2019-11-08T08:02:08","slug":"wir-sehen-uns-in-orlando-auf-der-ahr-expo-2020","status":"publish","type":"post","link":"https:\/\/www.geoclima.com\/de\/wir-sehen-uns-in-orlando-auf-der-ahr-expo-2020\/","title":{"rendered":"Wir sehen uns in Orlando auf der AHR Expo 2020"},"content":{"rendered":"<p>N\u00e4chsten <strong>Februar<\/strong> werden wir auf der <strong>AHR Expo 2020 in Orlando<\/strong> deb\u00fctieren. Die AHR Expo ist die gr\u00f6\u00dfte HVAC -Veranstaltung der Welt und kann jedes Jahr die umfassendste Gruppe von Fachleuten aus der ganzen Welt anziehen. Die Messe bietet ein einzigartiges Forum, in dem Hersteller aller Gr\u00f6\u00dfen und Spezialit\u00e4ten, sei es eine gro\u00dfe Industriemarke oder ein innovatives Start-up, zusammenkommen, um Ideen auszutauschen und die Zukunft der HVAC -Technologie unter einem Dach zu zeigen .<\/p>\n<p>Wenn Sie in Orlando sind, <strong>besuchen Sie uns am Stand Nr. 6879<\/strong>.<\/p>\n<p><strong>WANN<\/strong><br \/>\nMontag, 3. Februar, 10.00 &#8211; 18.00 Uhr<br \/>\nDienstag, 4. Februar, 10.00 &#8211; 18.00 Uhr<br \/>\nMittwoch, 5. Februar, 10.00 &#8211; 16.00 Uhr<\/p>\n<p><strong>WO<\/strong><br \/>\nOrange County Kongresszentrum<br \/>\n9800 International Dr<br \/>\nOrlando, FL 32819<br \/>\n<a href=\"https:\/\/www.google.com\/maps\/place\/Orange+County+Convention+Center\/@28.4248274,-81.4694363,15z\/data=!4m2!3m1!1s0x0:0x2feec9271ed22c5b?ved=2ahUKEwjwvtqz0-vgAhW5IqYKHUVYAJ4Q_BIwFXoECAEQCA\">Schauen Sie auf Google Maps<\/a><\/p>\n","protected":false},"excerpt":{"rendered":"<p>N\u00e4chsten Februar werden wir auf der AHR Expo 2020 in Orlando deb\u00fctieren. Die AHR Expo ist die gr\u00f6\u00dfte HVAC -Veranstaltung der Welt und kann jedes Jahr die umfassendste Gruppe von Fachleuten aus der ganzen Welt anziehen. Die Messe bietet ein einzigartiges Forum, in dem Hersteller aller Gr\u00f6\u00dfen und Spezialit\u00e4ten, sei es eine gro\u00dfe Industriemarke oder [&hellip;]<\/p>\n","protected":false},"author":1,"featured_media":20488,"comment_status":"closed","ping_status":"closed","sticky":false,"template":"","format":"standard","meta":{"footnotes":""},"categories":[46],"tags":[],"class_list":["post-20508","post","type-post","status-publish","format-standard","has-post-thumbnail","hentry","category-neuigkeiten"],"yoast_head":"<!-- This site is optimized with the Yoast SEO Premium plugin v27.4 (Yoast SEO v27.4) - https:\/\/yoast.com\/product\/yoast-seo-premium-wordpress\/ -->\n<title>Wir sehen uns in Orlando auf der AHR Expo 2020 | Geoclima<\/title>\n<meta name=\"robots\" content=\"index, follow, max-snippet:-1, max-image-preview:large, max-video-preview:-1\" \/>\n<link rel=\"canonical\" href=\"https:\/\/www.geoclima.com\/de\/wir-sehen-uns-in-orlando-auf-der-ahr-expo-2020\/\" \/>\n<meta property=\"og:locale\" content=\"de_DE\" \/>\n<meta property=\"og:type\" content=\"article\" \/>\n<meta property=\"og:title\" content=\"Wir sehen uns in Orlando auf der AHR Expo 2020\" \/>\n<meta property=\"og:description\" content=\"N\u00e4chsten Februar werden wir auf der AHR Expo 2020 in Orlando deb\u00fctieren. Die AHR Expo ist die gr\u00f6\u00dfte HVAC -Veranstaltung der Welt und kann jedes Jahr die umfassendste Gruppe von Fachleuten aus der ganzen Welt anziehen. Die Messe bietet ein einzigartiges Forum, in dem Hersteller aller Gr\u00f6\u00dfen und Spezialit\u00e4ten, sei es eine gro\u00dfe Industriemarke oder [&hellip;]\" \/>\n<meta property=\"og:url\" content=\"https:\/\/www.geoclima.com\/de\/wir-sehen-uns-in-orlando-auf-der-ahr-expo-2020\/\" \/>\n<meta property=\"og:site_name\" content=\"Geoclima\" \/>\n<meta property=\"article:publisher\" content=\"https:\/\/www.facebook.com\/GeoclimaWorld\/\" \/>\n<meta property=\"article:author\" content=\"https:\/\/www.facebook.com\/GeoclimaWorld\/\" \/>\n<meta property=\"article:published_time\" content=\"2019-11-08T08:02:08+00:00\" \/>\n<meta property=\"og:image\" content=\"https:\/\/www.geoclima.com\/wp-content\/uploads\/2019\/11\/ahr.jpg\" \/>\n\t<meta property=\"og:image:width\" content=\"800\" \/>\n\t<meta property=\"og:image:height\" content=\"800\" \/>\n\t<meta property=\"og:image:type\" content=\"image\/jpeg\" \/>\n<meta name=\"author\" content=\"Geoclima\" \/>\n<meta name=\"twitter:label1\" content=\"Verfasst von\" \/>\n\t<meta name=\"twitter:data1\" content=\"Geoclima\" \/>\n\t<meta name=\"twitter:label2\" content=\"Gesch\u00e4tzte Lesezeit\" \/>\n\t<meta name=\"twitter:data2\" content=\"1\u00a0Minute\" \/>\n<script type=\"application\/ld+json\" class=\"yoast-schema-graph\">{\"@context\":\"https:\\\/\\\/schema.org\",\"@graph\":[{\"@type\":\"Article\",\"@id\":\"https:\\\/\\\/www.geoclima.com\\\/de\\\/wir-sehen-uns-in-orlando-auf-der-ahr-expo-2020\\\/#article\",\"isPartOf\":{\"@id\":\"https:\\\/\\\/www.geoclima.com\\\/de\\\/wir-sehen-uns-in-orlando-auf-der-ahr-expo-2020\\\/\"},\"author\":{\"name\":\"Geoclima\",\"@id\":\"https:\\\/\\\/www.geoclima.com\\\/de\\\/#\\\/schema\\\/person\\\/ccd2a1915d70ebbbd74439929d73cfb4\"},\"headline\":\"Wir sehen uns in Orlando auf der AHR Expo 2020\",\"datePublished\":\"2019-11-08T08:02:08+00:00\",\"mainEntityOfPage\":{\"@id\":\"https:\\\/\\\/www.geoclima.com\\\/de\\\/wir-sehen-uns-in-orlando-auf-der-ahr-expo-2020\\\/\"},\"wordCount\":124,\"publisher\":{\"@id\":\"https:\\\/\\\/www.geoclima.com\\\/de\\\/#organization\"},\"image\":{\"@id\":\"https:\\\/\\\/www.geoclima.com\\\/de\\\/wir-sehen-uns-in-orlando-auf-der-ahr-expo-2020\\\/#primaryimage\"},\"thumbnailUrl\":\"https:\\\/\\\/www.geoclima.com\\\/wp-content\\\/uploads\\\/2019\\\/11\\\/ahr.jpg\",\"articleSection\":[\"Neuigkeiten\"],\"inLanguage\":\"de\"},{\"@type\":\"WebPage\",\"@id\":\"https:\\\/\\\/www.geoclima.com\\\/de\\\/wir-sehen-uns-in-orlando-auf-der-ahr-expo-2020\\\/\",\"url\":\"https:\\\/\\\/www.geoclima.com\\\/de\\\/wir-sehen-uns-in-orlando-auf-der-ahr-expo-2020\\\/\",\"name\":\"Wir sehen uns in Orlando auf der AHR Expo 2020 | Geoclima\",\"isPartOf\":{\"@id\":\"https:\\\/\\\/www.geoclima.com\\\/de\\\/#website\"},\"primaryImageOfPage\":{\"@id\":\"https:\\\/\\\/www.geoclima.com\\\/de\\\/wir-sehen-uns-in-orlando-auf-der-ahr-expo-2020\\\/#primaryimage\"},\"image\":{\"@id\":\"https:\\\/\\\/www.geoclima.com\\\/de\\\/wir-sehen-uns-in-orlando-auf-der-ahr-expo-2020\\\/#primaryimage\"},\"thumbnailUrl\":\"https:\\\/\\\/www.geoclima.com\\\/wp-content\\\/uploads\\\/2019\\\/11\\\/ahr.jpg\",\"datePublished\":\"2019-11-08T08:02:08+00:00\",\"breadcrumb\":{\"@id\":\"https:\\\/\\\/www.geoclima.com\\\/de\\\/wir-sehen-uns-in-orlando-auf-der-ahr-expo-2020\\\/#breadcrumb\"},\"inLanguage\":\"de\",\"potentialAction\":[{\"@type\":\"ReadAction\",\"target\":[\"https:\\\/\\\/www.geoclima.com\\\/de\\\/wir-sehen-uns-in-orlando-auf-der-ahr-expo-2020\\\/\"]}]},{\"@type\":\"ImageObject\",\"inLanguage\":\"de\",\"@id\":\"https:\\\/\\\/www.geoclima.com\\\/de\\\/wir-sehen-uns-in-orlando-auf-der-ahr-expo-2020\\\/#primaryimage\",\"url\":\"https:\\\/\\\/www.geoclima.com\\\/wp-content\\\/uploads\\\/2019\\\/11\\\/ahr.jpg\",\"contentUrl\":\"https:\\\/\\\/www.geoclima.com\\\/wp-content\\\/uploads\\\/2019\\\/11\\\/ahr.jpg\",\"width\":800,\"height\":800},{\"@type\":\"BreadcrumbList\",\"@id\":\"https:\\\/\\\/www.geoclima.com\\\/de\\\/wir-sehen-uns-in-orlando-auf-der-ahr-expo-2020\\\/#breadcrumb\",\"itemListElement\":[{\"@type\":\"ListItem\",\"position\":1,\"name\":\"Home\",\"item\":\"https:\\\/\\\/www.geoclima.com\\\/de\\\/\"},{\"@type\":\"ListItem\",\"position\":2,\"name\":\"Wir sehen uns in Orlando auf der AHR Expo 2020\"}]},{\"@type\":\"WebSite\",\"@id\":\"https:\\\/\\\/www.geoclima.com\\\/de\\\/#website\",\"url\":\"https:\\\/\\\/www.geoclima.com\\\/de\\\/\",\"name\":\"Geoclima\",\"description\":\"Smart HVAC solutions\",\"publisher\":{\"@id\":\"https:\\\/\\\/www.geoclima.com\\\/de\\\/#organization\"},\"potentialAction\":[{\"@type\":\"SearchAction\",\"target\":{\"@type\":\"EntryPoint\",\"urlTemplate\":\"https:\\\/\\\/www.geoclima.com\\\/de\\\/?s={search_term_string}\"},\"query-input\":{\"@type\":\"PropertyValueSpecification\",\"valueRequired\":true,\"valueName\":\"search_term_string\"}}],\"inLanguage\":\"de\"},{\"@type\":\"Organization\",\"@id\":\"https:\\\/\\\/www.geoclima.com\\\/de\\\/#organization\",\"name\":\"Geoclima Srl\",\"url\":\"https:\\\/\\\/www.geoclima.com\\\/de\\\/\",\"logo\":{\"@type\":\"ImageObject\",\"inLanguage\":\"de\",\"@id\":\"https:\\\/\\\/www.geoclima.com\\\/de\\\/#\\\/schema\\\/logo\\\/image\\\/\",\"url\":\"https:\\\/\\\/www.geoclima.com\\\/wp-content\\\/uploads\\\/2014\\\/03\\\/logo-geo.png\",\"contentUrl\":\"https:\\\/\\\/www.geoclima.com\\\/wp-content\\\/uploads\\\/2014\\\/03\\\/logo-geo.png\",\"width\":280,\"height\":53,\"caption\":\"Geoclima Srl\"},\"image\":{\"@id\":\"https:\\\/\\\/www.geoclima.com\\\/de\\\/#\\\/schema\\\/logo\\\/image\\\/\"},\"sameAs\":[\"https:\\\/\\\/www.facebook.com\\\/GeoclimaWorld\\\/\",\"https:\\\/\\\/x.com\\\/GeoclimaWeb\",\"https:\\\/\\\/www.instagram.com\\\/geoclima\",\"https:\\\/\\\/www.linkedin.com\\\/company\\\/geoclima\",\"https:\\\/\\\/www.youtube.com\\\/user\\\/geoclimaweb\"]},{\"@type\":\"Person\",\"@id\":\"https:\\\/\\\/www.geoclima.com\\\/de\\\/#\\\/schema\\\/person\\\/ccd2a1915d70ebbbd74439929d73cfb4\",\"name\":\"Geoclima\",\"image\":{\"@type\":\"ImageObject\",\"inLanguage\":\"de\",\"@id\":\"https:\\\/\\\/secure.gravatar.com\\\/avatar\\\/6c953fcc87e7b22a9c008b2281ef797aacdedd48c335d090798e961aefee960d?s=96&d=blank&r=g\",\"url\":\"https:\\\/\\\/secure.gravatar.com\\\/avatar\\\/6c953fcc87e7b22a9c008b2281ef797aacdedd48c335d090798e961aefee960d?s=96&d=blank&r=g\",\"contentUrl\":\"https:\\\/\\\/secure.gravatar.com\\\/avatar\\\/6c953fcc87e7b22a9c008b2281ef797aacdedd48c335d090798e961aefee960d?s=96&d=blank&r=g\",\"caption\":\"Geoclima\"},\"sameAs\":[\"https:\\\/\\\/www.facebook.com\\\/GeoclimaWorld\\\/\",\"https:\\\/\\\/www.instagram.com\\\/geoclima\",\"https:\\\/\\\/www.linkedin.com\\\/company\\\/geoclima\",\"https:\\\/\\\/x.com\\\/GeoclimaWeb\",\"https:\\\/\\\/www.youtube.com\\\/user\\\/geoclimaweb\"],\"url\":\"https:\\\/\\\/www.geoclima.com\\\/de\\\/author\\\/geoclima\\\/\"}]}<\/script>\n<!-- \/ Yoast SEO Premium plugin. -->","yoast_head_json":{"title":"Wir sehen uns in Orlando auf der AHR Expo 2020 | Geoclima","robots":{"index":"index","follow":"follow","max-snippet":"max-snippet:-1","max-image-preview":"max-image-preview:large","max-video-preview":"max-video-preview:-1"},"canonical":"https:\/\/www.geoclima.com\/de\/wir-sehen-uns-in-orlando-auf-der-ahr-expo-2020\/","og_locale":"de_DE","og_type":"article","og_title":"Wir sehen uns in Orlando auf der AHR Expo 2020","og_description":"N\u00e4chsten Februar werden wir auf der AHR Expo 2020 in Orlando deb\u00fctieren. Die AHR Expo ist die gr\u00f6\u00dfte HVAC -Veranstaltung der Welt und kann jedes Jahr die umfassendste Gruppe von Fachleuten aus der ganzen Welt anziehen. Die Messe bietet ein einzigartiges Forum, in dem Hersteller aller Gr\u00f6\u00dfen und Spezialit\u00e4ten, sei es eine gro\u00dfe Industriemarke oder [&hellip;]","og_url":"https:\/\/www.geoclima.com\/de\/wir-sehen-uns-in-orlando-auf-der-ahr-expo-2020\/","og_site_name":"Geoclima","article_publisher":"https:\/\/www.facebook.com\/GeoclimaWorld\/","article_author":"https:\/\/www.facebook.com\/GeoclimaWorld\/","article_published_time":"2019-11-08T08:02:08+00:00","og_image":[{"width":800,"height":800,"url":"https:\/\/www.geoclima.com\/wp-content\/uploads\/2019\/11\/ahr.jpg","type":"image\/jpeg"}],"author":"Geoclima","twitter_misc":{"Verfasst von":"Geoclima","Gesch\u00e4tzte Lesezeit":"1\u00a0Minute"},"schema":{"@context":"https:\/\/schema.org","@graph":[{"@type":"Article","@id":"https:\/\/www.geoclima.com\/de\/wir-sehen-uns-in-orlando-auf-der-ahr-expo-2020\/#article","isPartOf":{"@id":"https:\/\/www.geoclima.com\/de\/wir-sehen-uns-in-orlando-auf-der-ahr-expo-2020\/"},"author":{"name":"Geoclima","@id":"https:\/\/www.geoclima.com\/de\/#\/schema\/person\/ccd2a1915d70ebbbd74439929d73cfb4"},"headline":"Wir sehen uns in Orlando auf der AHR Expo 2020","datePublished":"2019-11-08T08:02:08+00:00","mainEntityOfPage":{"@id":"https:\/\/www.geoclima.com\/de\/wir-sehen-uns-in-orlando-auf-der-ahr-expo-2020\/"},"wordCount":124,"publisher":{"@id":"https:\/\/www.geoclima.com\/de\/#organization"},"image":{"@id":"https:\/\/www.geoclima.com\/de\/wir-sehen-uns-in-orlando-auf-der-ahr-expo-2020\/#primaryimage"},"thumbnailUrl":"https:\/\/www.geoclima.com\/wp-content\/uploads\/2019\/11\/ahr.jpg","articleSection":["Neuigkeiten"],"inLanguage":"de"},{"@type":"WebPage","@id":"https:\/\/www.geoclima.com\/de\/wir-sehen-uns-in-orlando-auf-der-ahr-expo-2020\/","url":"https:\/\/www.geoclima.com\/de\/wir-sehen-uns-in-orlando-auf-der-ahr-expo-2020\/","name":"Wir sehen uns in Orlando auf der AHR Expo 2020 | Geoclima","isPartOf":{"@id":"https:\/\/www.geoclima.com\/de\/#website"},"primaryImageOfPage":{"@id":"https:\/\/www.geoclima.com\/de\/wir-sehen-uns-in-orlando-auf-der-ahr-expo-2020\/#primaryimage"},"image":{"@id":"https:\/\/www.geoclima.com\/de\/wir-sehen-uns-in-orlando-auf-der-ahr-expo-2020\/#primaryimage"},"thumbnailUrl":"https:\/\/www.geoclima.com\/wp-content\/uploads\/2019\/11\/ahr.jpg","datePublished":"2019-11-08T08:02:08+00:00","breadcrumb":{"@id":"https:\/\/www.geoclima.com\/de\/wir-sehen-uns-in-orlando-auf-der-ahr-expo-2020\/#breadcrumb"},"inLanguage":"de","potentialAction":[{"@type":"ReadAction","target":["https:\/\/www.geoclima.com\/de\/wir-sehen-uns-in-orlando-auf-der-ahr-expo-2020\/"]}]},{"@type":"ImageObject","inLanguage":"de","@id":"https:\/\/www.geoclima.com\/de\/wir-sehen-uns-in-orlando-auf-der-ahr-expo-2020\/#primaryimage","url":"https:\/\/www.geoclima.com\/wp-content\/uploads\/2019\/11\/ahr.jpg","contentUrl":"https:\/\/www.geoclima.com\/wp-content\/uploads\/2019\/11\/ahr.jpg","width":800,"height":800},{"@type":"BreadcrumbList","@id":"https:\/\/www.geoclima.com\/de\/wir-sehen-uns-in-orlando-auf-der-ahr-expo-2020\/#breadcrumb","itemListElement":[{"@type":"ListItem","position":1,"name":"Home","item":"https:\/\/www.geoclima.com\/de\/"},{"@type":"ListItem","position":2,"name":"Wir sehen uns in Orlando auf der AHR Expo 2020"}]},{"@type":"WebSite","@id":"https:\/\/www.geoclima.com\/de\/#website","url":"https:\/\/www.geoclima.com\/de\/","name":"Geoclima","description":"Smart HVAC solutions","publisher":{"@id":"https:\/\/www.geoclima.com\/de\/#organization"},"potentialAction":[{"@type":"SearchAction","target":{"@type":"EntryPoint","urlTemplate":"https:\/\/www.geoclima.com\/de\/?s={search_term_string}"},"query-input":{"@type":"PropertyValueSpecification","valueRequired":true,"valueName":"search_term_string"}}],"inLanguage":"de"},{"@type":"Organization","@id":"https:\/\/www.geoclima.com\/de\/#organization","name":"Geoclima Srl","url":"https:\/\/www.geoclima.com\/de\/","logo":{"@type":"ImageObject","inLanguage":"de","@id":"https:\/\/www.geoclima.com\/de\/#\/schema\/logo\/image\/","url":"https:\/\/www.geoclima.com\/wp-content\/uploads\/2014\/03\/logo-geo.png","contentUrl":"https:\/\/www.geoclima.com\/wp-content\/uploads\/2014\/03\/logo-geo.png","width":280,"height":53,"caption":"Geoclima Srl"},"image":{"@id":"https:\/\/www.geoclima.com\/de\/#\/schema\/logo\/image\/"},"sameAs":["https:\/\/www.facebook.com\/GeoclimaWorld\/","https:\/\/x.com\/GeoclimaWeb","https:\/\/www.instagram.com\/geoclima","https:\/\/www.linkedin.com\/company\/geoclima","https:\/\/www.youtube.com\/user\/geoclimaweb"]},{"@type":"Person","@id":"https:\/\/www.geoclima.com\/de\/#\/schema\/person\/ccd2a1915d70ebbbd74439929d73cfb4","name":"Geoclima","image":{"@type":"ImageObject","inLanguage":"de","@id":"https:\/\/secure.gravatar.com\/avatar\/6c953fcc87e7b22a9c008b2281ef797aacdedd48c335d090798e961aefee960d?s=96&d=blank&r=g","url":"https:\/\/secure.gravatar.com\/avatar\/6c953fcc87e7b22a9c008b2281ef797aacdedd48c335d090798e961aefee960d?s=96&d=blank&r=g","contentUrl":"https:\/\/secure.gravatar.com\/avatar\/6c953fcc87e7b22a9c008b2281ef797aacdedd48c335d090798e961aefee960d?s=96&d=blank&r=g","caption":"Geoclima"},"sameAs":["https:\/\/www.facebook.com\/GeoclimaWorld\/","https:\/\/www.instagram.com\/geoclima","https:\/\/www.linkedin.com\/company\/geoclima","https:\/\/x.com\/GeoclimaWeb","https:\/\/www.youtube.com\/user\/geoclimaweb"],"url":"https:\/\/www.geoclima.com\/de\/author\/geoclima\/"}]}},"_links":{"self":[{"href":"https:\/\/www.geoclima.com\/de\/wp-json\/wp\/v2\/posts\/20508","targetHints":{"allow":["GET"]}}],"collection":[{"href":"https:\/\/www.geoclima.com\/de\/wp-json\/wp\/v2\/posts"}],"about":[{"href":"https:\/\/www.geoclima.com\/de\/wp-json\/wp\/v2\/types\/post"}],"author":[{"embeddable":true,"href":"https:\/\/www.geoclima.com\/de\/wp-json\/wp\/v2\/users\/1"}],"replies":[{"embeddable":true,"href":"https:\/\/www.geoclima.com\/de\/wp-json\/wp\/v2\/comments?post=20508"}],"version-history":[{"count":3,"href":"https:\/\/www.geoclima.com\/de\/wp-json\/wp\/v2\/posts\/20508\/revisions"}],"predecessor-version":[{"id":20511,"href":"https:\/\/www.geoclima.com\/de\/wp-json\/wp\/v2\/posts\/20508\/revisions\/20511"}],"wp:featuredmedia":[{"embeddable":true,"href":"https:\/\/www.geoclima.com\/de\/wp-json\/wp\/v2\/media\/20488"}],"wp:attachment":[{"href":"https:\/\/www.geoclima.com\/de\/wp-json\/wp\/v2\/media?parent=20508"}],"wp:term":[{"taxonomy":"category","embeddable":true,"href":"https:\/\/www.geoclima.com\/de\/wp-json\/wp\/v2\/categories?post=20508"},{"taxonomy":"post_tag","embeddable":true,"href":"https:\/\/www.geoclima.com\/de\/wp-json\/wp\/v2\/tags?post=20508"}],"curies":[{"name":"wp","href":"https:\/\/api.w.org\/{rel}","templated":true}]}}