{"id":9816,"date":"2015-05-04T14:57:40","date_gmt":"2015-05-04T12:57:40","guid":{"rendered":"https:\/\/www.geoclima.com\/thinkforward-blog-is-now-online-2\/"},"modified":"2015-05-04T15:36:37","modified_gmt":"2015-05-04T13:36:37","slug":"tagebuch-thinkforward-ist-nun-online","status":"publish","type":"post","link":"https:\/\/www.geoclima.com\/de\/tagebuch-thinkforward-ist-nun-online\/","title":{"rendered":"&#8220;ThinkForward\u00bb&#8221; ist nun online: eine Perspektive in unserer Welt"},"content":{"rendered":"<p>Gro\u00dfartige Neuigkeiten von Geoclima: unser neues Tagebuch <a href=\"\/?page_id=9734\" target=\"_blank\"><strong>ThinkForward\u00bb<\/strong><\/a> ist nunmehr online. Das Tagebuch ist der Platz wo Sie die ausf\u00fchrlichen Neuigkeiten \u00fcber verschiedene Themen, mit Verbindungen zu Berichten und Artikeln zu den Hauptmagazinen und Zeitungen finden k\u00f6nnen.<\/p>\n<p>Das Tagebuch richtet sich nach drei Hauptkategorien: <strong>die Geoclima Welt,<\/strong> mit ausf\u00fchrlichen Studien f\u00fcr verschiedene Anwendungen; <strong>die Welt der allgemeinen K\u00e4ltetechnik<\/strong> mit Neuigkeiten \u00fcber die letzten Technologien, Bestimmungen und M\u00f6glichkeiten; <strong>die gr\u00fcne Kultur<\/strong>, mit Neuigkeiten und Analysen \u00fcber Umweltschutz und Nachhaltigkeit.<\/p>\n<p>Der Zweck dieses Tagebuchs soll Ihnen eine Art von Presse\u00fcberblicken anbieten mit\u00a0<strong>qualitativen Inhalten<\/strong> die Sie lesen und sich beteiligen k\u00f6nnen.<\/p>\n<p>Wenn Sie weitere Neuigkeiten vorschlagen m\u00f6chten sollten wir uns beteiligen, bitte schreiben Sie uns einfach unter: <a href=\"mailto:thinkforward@geoclima.com\" target=\"_blank\">thinkforward@geoclima.com<\/a>. Sie sind unsere Leser und wir w\u00fcrden uns freuen Ihnen etwas anbieten zu k\u00f6nnen was f\u00fcr Sie von Interesse ist!<\/p>\n<p>Wir hoffen Sie in unserem Tagebuch zu treffen und wie immer <strong>#THINKFORWARD<\/strong>!<\/p>\n","protected":false},"excerpt":{"rendered":"<p>Gro\u00dfartige Neuigkeiten von Geoclima: unser neues Tagebuch ThinkForward\u00bb ist nunmehr online. Das Tagebuch ist der Platz wo Sie die ausf\u00fchrlichen Neuigkeiten \u00fcber verschiedene Themen, mit Verbindungen zu Berichten und Artikeln zu den Hauptmagazinen und Zeitungen finden k\u00f6nnen. Das Tagebuch richtet sich nach drei Hauptkategorien: die Geoclima Welt, mit ausf\u00fchrlichen Studien f\u00fcr verschiedene Anwendungen; die Welt [&hellip;]<\/p>\n","protected":false},"author":1,"featured_media":9811,"comment_status":"closed","ping_status":"open","sticky":false,"template":"","format":"standard","meta":{"footnotes":""},"categories":[46],"tags":[],"class_list":["post-9816","post","type-post","status-publish","format-standard","has-post-thumbnail","hentry","category-neuigkeiten"],"yoast_head":"<!-- This site is optimized with the Yoast SEO Premium plugin v27.4 (Yoast SEO v27.4) - https:\/\/yoast.com\/product\/yoast-seo-premium-wordpress\/ -->\n<title>Tagebuch \u201cThinkForward\u00bb\u201d ist nun online | Geoclima<\/title>\n<meta name=\"description\" content=\"ThinkForward\u00bb ist unser Tagebuch, wo Sie die ausf\u00fchrlichen Neuigkeiten \u00fcber Geoclima Welt, Welt der allgemeinen K\u00e4ltetechnik und gr\u00fcne Kultur finden k\u00f6nnen.\" \/>\n<meta name=\"robots\" content=\"index, follow, max-snippet:-1, max-image-preview:large, max-video-preview:-1\" \/>\n<link rel=\"canonical\" href=\"https:\/\/www.geoclima.com\/de\/tagebuch-thinkforward-ist-nun-online\/\" \/>\n<meta property=\"og:locale\" content=\"de_DE\" \/>\n<meta property=\"og:type\" content=\"article\" \/>\n<meta property=\"og:title\" content=\"&quot;ThinkForward\u00bb&quot; ist nun online: eine Perspektive in unserer Welt\" \/>\n<meta property=\"og:description\" content=\"ThinkForward\u00bb ist unser Tagebuch, wo Sie die ausf\u00fchrlichen Neuigkeiten \u00fcber Geoclima Welt, Welt der allgemeinen K\u00e4ltetechnik und gr\u00fcne Kultur finden k\u00f6nnen.\" \/>\n<meta property=\"og:url\" content=\"https:\/\/www.geoclima.com\/de\/tagebuch-thinkforward-ist-nun-online\/\" \/>\n<meta property=\"og:site_name\" content=\"Geoclima\" \/>\n<meta property=\"article:publisher\" content=\"https:\/\/www.facebook.com\/GeoclimaWorld\/\" \/>\n<meta property=\"article:author\" content=\"https:\/\/www.facebook.com\/GeoclimaWorld\/\" \/>\n<meta property=\"article:published_time\" content=\"2015-05-04T12:57:40+00:00\" \/>\n<meta property=\"article:modified_time\" content=\"2015-05-04T13:36:37+00:00\" \/>\n<meta property=\"og:image\" content=\"https:\/\/www.geoclima.com\/wp-content\/uploads\/2015\/05\/TF-home.png\" \/>\n\t<meta property=\"og:image:width\" content=\"1728\" \/>\n\t<meta property=\"og:image:height\" content=\"921\" \/>\n\t<meta property=\"og:image:type\" content=\"image\/png\" \/>\n<meta name=\"author\" content=\"Geoclima\" \/>\n<meta name=\"twitter:label1\" content=\"Verfasst von\" \/>\n\t<meta name=\"twitter:data1\" content=\"Geoclima\" \/>\n\t<meta name=\"twitter:label2\" content=\"Gesch\u00e4tzte Lesezeit\" \/>\n\t<meta name=\"twitter:data2\" content=\"1\u00a0Minute\" \/>\n<script type=\"application\/ld+json\" class=\"yoast-schema-graph\">{\"@context\":\"https:\\\/\\\/schema.org\",\"@graph\":[{\"@type\":\"Article\",\"@id\":\"https:\\\/\\\/www.geoclima.com\\\/de\\\/tagebuch-thinkforward-ist-nun-online\\\/#article\",\"isPartOf\":{\"@id\":\"https:\\\/\\\/www.geoclima.com\\\/de\\\/tagebuch-thinkforward-ist-nun-online\\\/\"},\"author\":{\"name\":\"Geoclima\",\"@id\":\"https:\\\/\\\/www.geoclima.com\\\/de\\\/#\\\/schema\\\/person\\\/ccd2a1915d70ebbbd74439929d73cfb4\"},\"headline\":\"&#8220;ThinkForward\u00bb&#8221; ist nun online: eine Perspektive in unserer Welt\",\"datePublished\":\"2015-05-04T12:57:40+00:00\",\"dateModified\":\"2015-05-04T13:36:37+00:00\",\"mainEntityOfPage\":{\"@id\":\"https:\\\/\\\/www.geoclima.com\\\/de\\\/tagebuch-thinkforward-ist-nun-online\\\/\"},\"wordCount\":173,\"publisher\":{\"@id\":\"https:\\\/\\\/www.geoclima.com\\\/de\\\/#organization\"},\"image\":{\"@id\":\"https:\\\/\\\/www.geoclima.com\\\/de\\\/tagebuch-thinkforward-ist-nun-online\\\/#primaryimage\"},\"thumbnailUrl\":\"https:\\\/\\\/www.geoclima.com\\\/wp-content\\\/uploads\\\/2015\\\/05\\\/TF-home.png\",\"articleSection\":[\"Neuigkeiten\"],\"inLanguage\":\"de\"},{\"@type\":\"WebPage\",\"@id\":\"https:\\\/\\\/www.geoclima.com\\\/de\\\/tagebuch-thinkforward-ist-nun-online\\\/\",\"url\":\"https:\\\/\\\/www.geoclima.com\\\/de\\\/tagebuch-thinkforward-ist-nun-online\\\/\",\"name\":\"Tagebuch \u201cThinkForward\u00bb\u201d ist nun online | Geoclima\",\"isPartOf\":{\"@id\":\"https:\\\/\\\/www.geoclima.com\\\/de\\\/#website\"},\"primaryImageOfPage\":{\"@id\":\"https:\\\/\\\/www.geoclima.com\\\/de\\\/tagebuch-thinkforward-ist-nun-online\\\/#primaryimage\"},\"image\":{\"@id\":\"https:\\\/\\\/www.geoclima.com\\\/de\\\/tagebuch-thinkforward-ist-nun-online\\\/#primaryimage\"},\"thumbnailUrl\":\"https:\\\/\\\/www.geoclima.com\\\/wp-content\\\/uploads\\\/2015\\\/05\\\/TF-home.png\",\"datePublished\":\"2015-05-04T12:57:40+00:00\",\"dateModified\":\"2015-05-04T13:36:37+00:00\",\"description\":\"ThinkForward\u00bb ist unser Tagebuch, wo Sie die ausf\u00fchrlichen Neuigkeiten \u00fcber Geoclima Welt, Welt der allgemeinen K\u00e4ltetechnik und gr\u00fcne Kultur finden k\u00f6nnen.\",\"breadcrumb\":{\"@id\":\"https:\\\/\\\/www.geoclima.com\\\/de\\\/tagebuch-thinkforward-ist-nun-online\\\/#breadcrumb\"},\"inLanguage\":\"de\",\"potentialAction\":[{\"@type\":\"ReadAction\",\"target\":[\"https:\\\/\\\/www.geoclima.com\\\/de\\\/tagebuch-thinkforward-ist-nun-online\\\/\"]}]},{\"@type\":\"ImageObject\",\"inLanguage\":\"de\",\"@id\":\"https:\\\/\\\/www.geoclima.com\\\/de\\\/tagebuch-thinkforward-ist-nun-online\\\/#primaryimage\",\"url\":\"https:\\\/\\\/www.geoclima.com\\\/wp-content\\\/uploads\\\/2015\\\/05\\\/TF-home.png\",\"contentUrl\":\"https:\\\/\\\/www.geoclima.com\\\/wp-content\\\/uploads\\\/2015\\\/05\\\/TF-home.png\",\"width\":1728,\"height\":921,\"caption\":\"ThinkForward - Geoclima blog\"},{\"@type\":\"BreadcrumbList\",\"@id\":\"https:\\\/\\\/www.geoclima.com\\\/de\\\/tagebuch-thinkforward-ist-nun-online\\\/#breadcrumb\",\"itemListElement\":[{\"@type\":\"ListItem\",\"position\":1,\"name\":\"Home\",\"item\":\"https:\\\/\\\/www.geoclima.com\\\/de\\\/\"},{\"@type\":\"ListItem\",\"position\":2,\"name\":\"&#8220;ThinkForward\u00bb&#8221; ist nun online: eine Perspektive in unserer Welt\"}]},{\"@type\":\"WebSite\",\"@id\":\"https:\\\/\\\/www.geoclima.com\\\/de\\\/#website\",\"url\":\"https:\\\/\\\/www.geoclima.com\\\/de\\\/\",\"name\":\"Geoclima\",\"description\":\"Smart HVAC solutions\",\"publisher\":{\"@id\":\"https:\\\/\\\/www.geoclima.com\\\/de\\\/#organization\"},\"potentialAction\":[{\"@type\":\"SearchAction\",\"target\":{\"@type\":\"EntryPoint\",\"urlTemplate\":\"https:\\\/\\\/www.geoclima.com\\\/de\\\/?s={search_term_string}\"},\"query-input\":{\"@type\":\"PropertyValueSpecification\",\"valueRequired\":true,\"valueName\":\"search_term_string\"}}],\"inLanguage\":\"de\"},{\"@type\":\"Organization\",\"@id\":\"https:\\\/\\\/www.geoclima.com\\\/de\\\/#organization\",\"name\":\"Geoclima Srl\",\"url\":\"https:\\\/\\\/www.geoclima.com\\\/de\\\/\",\"logo\":{\"@type\":\"ImageObject\",\"inLanguage\":\"de\",\"@id\":\"https:\\\/\\\/www.geoclima.com\\\/de\\\/#\\\/schema\\\/logo\\\/image\\\/\",\"url\":\"https:\\\/\\\/www.geoclima.com\\\/wp-content\\\/uploads\\\/2014\\\/03\\\/logo-geo.png\",\"contentUrl\":\"https:\\\/\\\/www.geoclima.com\\\/wp-content\\\/uploads\\\/2014\\\/03\\\/logo-geo.png\",\"width\":280,\"height\":53,\"caption\":\"Geoclima Srl\"},\"image\":{\"@id\":\"https:\\\/\\\/www.geoclima.com\\\/de\\\/#\\\/schema\\\/logo\\\/image\\\/\"},\"sameAs\":[\"https:\\\/\\\/www.facebook.com\\\/GeoclimaWorld\\\/\",\"https:\\\/\\\/x.com\\\/GeoclimaWeb\",\"https:\\\/\\\/www.instagram.com\\\/geoclima\",\"https:\\\/\\\/www.linkedin.com\\\/company\\\/geoclima\",\"https:\\\/\\\/www.youtube.com\\\/user\\\/geoclimaweb\"]},{\"@type\":\"Person\",\"@id\":\"https:\\\/\\\/www.geoclima.com\\\/de\\\/#\\\/schema\\\/person\\\/ccd2a1915d70ebbbd74439929d73cfb4\",\"name\":\"Geoclima\",\"image\":{\"@type\":\"ImageObject\",\"inLanguage\":\"de\",\"@id\":\"https:\\\/\\\/secure.gravatar.com\\\/avatar\\\/6c953fcc87e7b22a9c008b2281ef797aacdedd48c335d090798e961aefee960d?s=96&d=blank&r=g\",\"url\":\"https:\\\/\\\/secure.gravatar.com\\\/avatar\\\/6c953fcc87e7b22a9c008b2281ef797aacdedd48c335d090798e961aefee960d?s=96&d=blank&r=g\",\"contentUrl\":\"https:\\\/\\\/secure.gravatar.com\\\/avatar\\\/6c953fcc87e7b22a9c008b2281ef797aacdedd48c335d090798e961aefee960d?s=96&d=blank&r=g\",\"caption\":\"Geoclima\"},\"sameAs\":[\"https:\\\/\\\/www.facebook.com\\\/GeoclimaWorld\\\/\",\"https:\\\/\\\/www.instagram.com\\\/geoclima\",\"https:\\\/\\\/www.linkedin.com\\\/company\\\/geoclima\",\"https:\\\/\\\/x.com\\\/GeoclimaWeb\",\"https:\\\/\\\/www.youtube.com\\\/user\\\/geoclimaweb\"],\"url\":\"https:\\\/\\\/www.geoclima.com\\\/de\\\/author\\\/geoclima\\\/\"}]}<\/script>\n<!-- \/ Yoast SEO Premium plugin. -->","yoast_head_json":{"title":"Tagebuch \u201cThinkForward\u00bb\u201d ist nun online | Geoclima","description":"ThinkForward\u00bb ist unser Tagebuch, wo Sie die ausf\u00fchrlichen Neuigkeiten \u00fcber Geoclima Welt, Welt der allgemeinen K\u00e4ltetechnik und gr\u00fcne Kultur finden k\u00f6nnen.","robots":{"index":"index","follow":"follow","max-snippet":"max-snippet:-1","max-image-preview":"max-image-preview:large","max-video-preview":"max-video-preview:-1"},"canonical":"https:\/\/www.geoclima.com\/de\/tagebuch-thinkforward-ist-nun-online\/","og_locale":"de_DE","og_type":"article","og_title":"\"ThinkForward\u00bb\" ist nun online: eine Perspektive in unserer Welt","og_description":"ThinkForward\u00bb ist unser Tagebuch, wo Sie die ausf\u00fchrlichen Neuigkeiten \u00fcber Geoclima Welt, Welt der allgemeinen K\u00e4ltetechnik und gr\u00fcne Kultur finden k\u00f6nnen.","og_url":"https:\/\/www.geoclima.com\/de\/tagebuch-thinkforward-ist-nun-online\/","og_site_name":"Geoclima","article_publisher":"https:\/\/www.facebook.com\/GeoclimaWorld\/","article_author":"https:\/\/www.facebook.com\/GeoclimaWorld\/","article_published_time":"2015-05-04T12:57:40+00:00","article_modified_time":"2015-05-04T13:36:37+00:00","og_image":[{"width":1728,"height":921,"url":"https:\/\/www.geoclima.com\/wp-content\/uploads\/2015\/05\/TF-home.png","type":"image\/png"}],"author":"Geoclima","twitter_misc":{"Verfasst von":"Geoclima","Gesch\u00e4tzte Lesezeit":"1\u00a0Minute"},"schema":{"@context":"https:\/\/schema.org","@graph":[{"@type":"Article","@id":"https:\/\/www.geoclima.com\/de\/tagebuch-thinkforward-ist-nun-online\/#article","isPartOf":{"@id":"https:\/\/www.geoclima.com\/de\/tagebuch-thinkforward-ist-nun-online\/"},"author":{"name":"Geoclima","@id":"https:\/\/www.geoclima.com\/de\/#\/schema\/person\/ccd2a1915d70ebbbd74439929d73cfb4"},"headline":"&#8220;ThinkForward\u00bb&#8221; ist nun online: eine Perspektive in unserer Welt","datePublished":"2015-05-04T12:57:40+00:00","dateModified":"2015-05-04T13:36:37+00:00","mainEntityOfPage":{"@id":"https:\/\/www.geoclima.com\/de\/tagebuch-thinkforward-ist-nun-online\/"},"wordCount":173,"publisher":{"@id":"https:\/\/www.geoclima.com\/de\/#organization"},"image":{"@id":"https:\/\/www.geoclima.com\/de\/tagebuch-thinkforward-ist-nun-online\/#primaryimage"},"thumbnailUrl":"https:\/\/www.geoclima.com\/wp-content\/uploads\/2015\/05\/TF-home.png","articleSection":["Neuigkeiten"],"inLanguage":"de"},{"@type":"WebPage","@id":"https:\/\/www.geoclima.com\/de\/tagebuch-thinkforward-ist-nun-online\/","url":"https:\/\/www.geoclima.com\/de\/tagebuch-thinkforward-ist-nun-online\/","name":"Tagebuch \u201cThinkForward\u00bb\u201d ist nun online | Geoclima","isPartOf":{"@id":"https:\/\/www.geoclima.com\/de\/#website"},"primaryImageOfPage":{"@id":"https:\/\/www.geoclima.com\/de\/tagebuch-thinkforward-ist-nun-online\/#primaryimage"},"image":{"@id":"https:\/\/www.geoclima.com\/de\/tagebuch-thinkforward-ist-nun-online\/#primaryimage"},"thumbnailUrl":"https:\/\/www.geoclima.com\/wp-content\/uploads\/2015\/05\/TF-home.png","datePublished":"2015-05-04T12:57:40+00:00","dateModified":"2015-05-04T13:36:37+00:00","description":"ThinkForward\u00bb ist unser Tagebuch, wo Sie die ausf\u00fchrlichen Neuigkeiten \u00fcber Geoclima Welt, Welt der allgemeinen K\u00e4ltetechnik und gr\u00fcne Kultur finden k\u00f6nnen.","breadcrumb":{"@id":"https:\/\/www.geoclima.com\/de\/tagebuch-thinkforward-ist-nun-online\/#breadcrumb"},"inLanguage":"de","potentialAction":[{"@type":"ReadAction","target":["https:\/\/www.geoclima.com\/de\/tagebuch-thinkforward-ist-nun-online\/"]}]},{"@type":"ImageObject","inLanguage":"de","@id":"https:\/\/www.geoclima.com\/de\/tagebuch-thinkforward-ist-nun-online\/#primaryimage","url":"https:\/\/www.geoclima.com\/wp-content\/uploads\/2015\/05\/TF-home.png","contentUrl":"https:\/\/www.geoclima.com\/wp-content\/uploads\/2015\/05\/TF-home.png","width":1728,"height":921,"caption":"ThinkForward - Geoclima blog"},{"@type":"BreadcrumbList","@id":"https:\/\/www.geoclima.com\/de\/tagebuch-thinkforward-ist-nun-online\/#breadcrumb","itemListElement":[{"@type":"ListItem","position":1,"name":"Home","item":"https:\/\/www.geoclima.com\/de\/"},{"@type":"ListItem","position":2,"name":"&#8220;ThinkForward\u00bb&#8221; ist nun online: eine Perspektive in unserer Welt"}]},{"@type":"WebSite","@id":"https:\/\/www.geoclima.com\/de\/#website","url":"https:\/\/www.geoclima.com\/de\/","name":"Geoclima","description":"Smart HVAC solutions","publisher":{"@id":"https:\/\/www.geoclima.com\/de\/#organization"},"potentialAction":[{"@type":"SearchAction","target":{"@type":"EntryPoint","urlTemplate":"https:\/\/www.geoclima.com\/de\/?s={search_term_string}"},"query-input":{"@type":"PropertyValueSpecification","valueRequired":true,"valueName":"search_term_string"}}],"inLanguage":"de"},{"@type":"Organization","@id":"https:\/\/www.geoclima.com\/de\/#organization","name":"Geoclima Srl","url":"https:\/\/www.geoclima.com\/de\/","logo":{"@type":"ImageObject","inLanguage":"de","@id":"https:\/\/www.geoclima.com\/de\/#\/schema\/logo\/image\/","url":"https:\/\/www.geoclima.com\/wp-content\/uploads\/2014\/03\/logo-geo.png","contentUrl":"https:\/\/www.geoclima.com\/wp-content\/uploads\/2014\/03\/logo-geo.png","width":280,"height":53,"caption":"Geoclima Srl"},"image":{"@id":"https:\/\/www.geoclima.com\/de\/#\/schema\/logo\/image\/"},"sameAs":["https:\/\/www.facebook.com\/GeoclimaWorld\/","https:\/\/x.com\/GeoclimaWeb","https:\/\/www.instagram.com\/geoclima","https:\/\/www.linkedin.com\/company\/geoclima","https:\/\/www.youtube.com\/user\/geoclimaweb"]},{"@type":"Person","@id":"https:\/\/www.geoclima.com\/de\/#\/schema\/person\/ccd2a1915d70ebbbd74439929d73cfb4","name":"Geoclima","image":{"@type":"ImageObject","inLanguage":"de","@id":"https:\/\/secure.gravatar.com\/avatar\/6c953fcc87e7b22a9c008b2281ef797aacdedd48c335d090798e961aefee960d?s=96&d=blank&r=g","url":"https:\/\/secure.gravatar.com\/avatar\/6c953fcc87e7b22a9c008b2281ef797aacdedd48c335d090798e961aefee960d?s=96&d=blank&r=g","contentUrl":"https:\/\/secure.gravatar.com\/avatar\/6c953fcc87e7b22a9c008b2281ef797aacdedd48c335d090798e961aefee960d?s=96&d=blank&r=g","caption":"Geoclima"},"sameAs":["https:\/\/www.facebook.com\/GeoclimaWorld\/","https:\/\/www.instagram.com\/geoclima","https:\/\/www.linkedin.com\/company\/geoclima","https:\/\/x.com\/GeoclimaWeb","https:\/\/www.youtube.com\/user\/geoclimaweb"],"url":"https:\/\/www.geoclima.com\/de\/author\/geoclima\/"}]}},"_links":{"self":[{"href":"https:\/\/www.geoclima.com\/de\/wp-json\/wp\/v2\/posts\/9816","targetHints":{"allow":["GET"]}}],"collection":[{"href":"https:\/\/www.geoclima.com\/de\/wp-json\/wp\/v2\/posts"}],"about":[{"href":"https:\/\/www.geoclima.com\/de\/wp-json\/wp\/v2\/types\/post"}],"author":[{"embeddable":true,"href":"https:\/\/www.geoclima.com\/de\/wp-json\/wp\/v2\/users\/1"}],"replies":[{"embeddable":true,"href":"https:\/\/www.geoclima.com\/de\/wp-json\/wp\/v2\/comments?post=9816"}],"version-history":[{"count":3,"href":"https:\/\/www.geoclima.com\/de\/wp-json\/wp\/v2\/posts\/9816\/revisions"}],"predecessor-version":[{"id":9826,"href":"https:\/\/www.geoclima.com\/de\/wp-json\/wp\/v2\/posts\/9816\/revisions\/9826"}],"wp:featuredmedia":[{"embeddable":true,"href":"https:\/\/www.geoclima.com\/de\/wp-json\/wp\/v2\/media\/9811"}],"wp:attachment":[{"href":"https:\/\/www.geoclima.com\/de\/wp-json\/wp\/v2\/media?parent=9816"}],"wp:term":[{"taxonomy":"category","embeddable":true,"href":"https:\/\/www.geoclima.com\/de\/wp-json\/wp\/v2\/categories?post=9816"},{"taxonomy":"post_tag","embeddable":true,"href":"https:\/\/www.geoclima.com\/de\/wp-json\/wp\/v2\/tags?post=9816"}],"curies":[{"name":"wp","href":"https:\/\/api.w.org\/{rel}","templated":true}]}}